{"id":722,"date":"2021-08-11T14:26:09","date_gmt":"2021-08-11T12:26:09","guid":{"rendered":"https:\/\/s1620.eu\/?p=722"},"modified":"2021-08-11T14:54:16","modified_gmt":"2021-08-11T12:54:16","slug":"polski-23-wiesci-od-sydonii-von-borck","status":"publish","type":"post","link":"https:\/\/s1620.eu\/pl\/polski-23-wiesci-od-sydonii-von-borck\/","title":{"rendered":"23. Wie\u015bci od Sydonii von Borck"},"content":{"rendered":"<p>Drugia cz\u0119\u015b\u0107 s\u0142uchowiska w j\u0119zyku polskim i niemieckim dost\u0119pna jest online!<\/p>\n\n\n\n<figure class=\"wp-block-image size-large\"><img decoding=\"async\" loading=\"lazy\" width=\"1024\" height=\"576\" src=\"https:\/\/s1620.eu\/wp-content\/uploads\/2021\/08\/maxresdefault-1024x576.jpg\" alt=\"\" class=\"wp-image-724\" srcset=\"https:\/\/s1620.eu\/wp-content\/uploads\/2021\/08\/maxresdefault-1024x576.jpg 1024w, https:\/\/s1620.eu\/wp-content\/uploads\/2021\/08\/maxresdefault-300x169.jpg 300w, https:\/\/s1620.eu\/wp-content\/uploads\/2021\/08\/maxresdefault-768x432.jpg 768w, https:\/\/s1620.eu\/wp-content\/uploads\/2021\/08\/maxresdefault-1200x675.jpg 1200w, https:\/\/s1620.eu\/wp-content\/uploads\/2021\/08\/maxresdefault.jpg 1280w\" sizes=\"(max-width: 1024px) 100vw, 1024px\" \/><\/figure>\n\n\n\n<p>R\u00f3wnie\u017c w drugim odcinku \u201ekryminalnego \u015bledztwa\u201c, aktorki Katja Klemt i Ola \u015alusarczyk wcielaj\u0105 si\u0119 w rol\u0119 Sydonii von Borck z zamiarem oddania jej g\u0142osu. Tym razem skupiaj\u0105 si\u0119 na zapiskach dotycz\u0105cych ataku i pobicia Sydonii przez Jakuba Stettina. Sidonia podejrzewa\u0142a, \u017ce napad zleci\u0142 jej brat Ulryk. Wydarzenie to zosta\u0142o szczeg\u00f3\u0142owo zaprotoko\u0142owane. Opis zachowa\u0142 si\u0119 do dzisiaj w aktach s\u0105dowych Sydonii von Borck. We wszystkich pytaniach, kt\u00f3re pojawi\u0142y si\u0119 podczas bada\u0144 w Archiwum Pa\u0144stwowym (Landesarchiv) w Greifswaldzie wspiera\u0142 obie aktorki historych, dr. Dirk Alvermann. Podczas rozmowy z nim aktorki podj\u0119\u0142y liczne sprzeczno\u015bci i niesp\u00f3jno\u015bci znane z \u017cycia Sydonii. S\u0142uchowisko dost\u0119pne jest online, na kanale YouTube Pommersches Landesmuseum oraz na Soundcloud.<\/p>\n\n\n\n<figure class=\"wp-block-embed-youtube wp-block-embed is-type-video is-provider-youtube wp-embed-aspect-16-9 wp-has-aspect-ratio\"><div class=\"wp-block-embed__wrapper\">\n<iframe loading=\"lazy\" title=\"Akta Sydonii - kryminalne \u015bledztwo aktorki - cz\u0119\u015b\u0107 2\" width=\"580\" height=\"326\" src=\"https:\/\/www.youtube.com\/embed\/Q1Xuvf4H7po?start=15&#038;feature=oembed\" frameborder=\"0\" allow=\"accelerometer; autoplay; clipboard-write; encrypted-media; gyroscope; picture-in-picture\" allowfullscreen><\/iframe>\n<\/div><figcaption>Tu mo\u017cna us\u0142ysze\u0107 s\u0142uchowisko z animacj\u0105 sk\u0142adaj\u0105c\u0105 si\u0119 z fragment\u00f3w oryginalnych dokument\u00f3w w tle.<\/figcaption><\/figure>\n\n\n\n<figure class=\"wp-block-embed-soundcloud wp-block-embed is-type-rich is-provider-soundcloud wp-embed-aspect-4-3 wp-has-aspect-ratio\"><div class=\"wp-block-embed__wrapper\">\n<iframe loading=\"lazy\" title=\"Akta Sydonii_kryminalne \u015bledztwo aktorki_cz\u0119\u015b\u0107 2 by Akta Sydonii\" width=\"580\" height=\"400\" scrolling=\"no\" frameborder=\"no\" src=\"https:\/\/w.soundcloud.com\/player\/?visual=true&#038;url=https%3A%2F%2Fapi.soundcloud.com%2Ftracks%2F1104034873&#038;show_artwork=true&#038;maxwidth=580&#038;maxheight=870&#038;dnt=1\"><\/iframe>\n<\/div><figcaption>S\u0142uchowisko w formie podcastu dost\u0119pne jest na Soundcloud.<\/figcaption><\/figure>","protected":false},"excerpt":{"rendered":"<p>Drugia cz\u0119\u015b\u0107 s\u0142uchowiska w j\u0119zyku polskim i niemieckim dost\u0119pna jest online! R\u00f3wnie\u017c w drugim odcinku \u201ekryminalnego \u015bledztwa\u201c, aktorki Katja Klemt i Ola \u015alusarczyk wcielaj\u0105 si\u0119 w rol\u0119 Sydonii von Borck z zamiarem oddania jej g\u0142osu. Tym razem skupiaj\u0105 si\u0119 na zapiskach dotycz\u0105cych ataku i pobicia Sydonii przez Jakuba Stettina. Sidonia podejrzewa\u0142a, \u017ce napad zleci\u0142 jej [&hellip;]<\/p>\n","protected":false},"author":2,"featured_media":723,"comment_status":"closed","ping_status":"closed","sticky":false,"template":"","format":"standard","meta":[],"categories":[1],"tags":[],"yoast_head":"<!-- This site is optimized with the Yoast SEO plugin v14.8.1 - https:\/\/yoast.com\/wordpress\/plugins\/seo\/ -->\n<title>23. Wie\u015bci od Sydonii von Borck - Akta Sydonii<\/title>\n<meta name=\"robots\" content=\"index, follow\" \/>\n<meta name=\"googlebot\" content=\"index, follow, max-snippet:-1, max-image-preview:large, max-video-preview:-1\" \/>\n<meta name=\"bingbot\" content=\"index, follow, max-snippet:-1, max-image-preview:large, max-video-preview:-1\" \/>\n<link rel=\"canonical\" href=\"https:\/\/s1620.eu\/pl\/polski-23-wiesci-od-sydonii-von-borck\/\" \/>\n<meta property=\"og:locale\" content=\"pl_PL\" \/>\n<meta property=\"og:type\" content=\"article\" \/>\n<meta property=\"og:title\" content=\"[:de]23. Neues von Sidonia von Borcke [:pl]23. Wie\u015bci od Sydonii von Borck[:] - Akta Sydonii\" \/>\n<meta property=\"og:description\" content=\"Drugia cz\u0119\u015b\u0107 s\u0142uchowiska w j\u0119zyku polskim i niemieckim dost\u0119pna jest online! R\u00f3wnie\u017c w drugim odcinku \u201ekryminalnego \u015bledztwa\u201c, aktorki Katja Klemt i Ola \u015alusarczyk wcielaj\u0105 si\u0119 w rol\u0119 Sydonii von Borck z zamiarem oddania jej g\u0142osu. Tym razem skupiaj\u0105 si\u0119 na zapiskach dotycz\u0105cych ataku i pobicia Sydonii przez Jakuba Stettina. Sidonia podejrzewa\u0142a, \u017ce napad zleci\u0142 jej [&hellip;]\" \/>\n<meta property=\"og:url\" content=\"https:\/\/s1620.eu\/pl\/polski-23-wiesci-od-sydonii-von-borck\/\" \/>\n<meta property=\"og:site_name\" content=\"Akta Sydonii\" \/>\n<meta property=\"article:published_time\" content=\"2021-08-11T12:26:09+00:00\" \/>\n<meta property=\"article:modified_time\" content=\"2021-08-11T12:54:16+00:00\" \/>\n<meta property=\"og:image\" content=\"https:\/\/s1620.eu\/wp-content\/uploads\/2021\/08\/maxresdefault_DE.jpg\" \/>\n\t<meta property=\"og:image:width\" content=\"1280\" \/>\n\t<meta property=\"og:image:height\" content=\"720\" \/>\n<meta name=\"twitter:card\" content=\"summary_large_image\" \/>\n<script type=\"application\/ld+json\" class=\"yoast-schema-graph\">{\"@context\":\"https:\/\/schema.org\",\"@graph\":[{\"@type\":\"WebSite\",\"@id\":\"https:\/\/s1620.eu\/pl\/#website\",\"url\":\"https:\/\/s1620.eu\/pl\/\",\"name\":\"Akta Sydonii\",\"description\":\"\",\"potentialAction\":[{\"@type\":\"SearchAction\",\"target\":\"https:\/\/s1620.eu\/pl\/?s={search_term_string}\",\"query-input\":\"required name=search_term_string\"}],\"inLanguage\":\"pl-PL\"},{\"@type\":\"ImageObject\",\"@id\":\"https:\/\/s1620.eu\/pl\/polski-23-wiesci-od-sydonii-von-borck\/#primaryimage\",\"inLanguage\":\"pl-PL\",\"url\":\"https:\/\/s1620.eu\/wp-content\/uploads\/2021\/08\/maxresdefault_DE.jpg\",\"width\":1280,\"height\":720},{\"@type\":\"WebPage\",\"@id\":\"https:\/\/s1620.eu\/pl\/polski-23-wiesci-od-sydonii-von-borck\/#webpage\",\"url\":\"https:\/\/s1620.eu\/pl\/polski-23-wiesci-od-sydonii-von-borck\/\",\"name\":\"[:de]23. Neues von Sidonia von Borcke [:pl]23. Wie\\u015bci od Sydonii von Borck[:] - Akta Sydonii\",\"isPartOf\":{\"@id\":\"https:\/\/s1620.eu\/pl\/#website\"},\"primaryImageOfPage\":{\"@id\":\"https:\/\/s1620.eu\/pl\/polski-23-wiesci-od-sydonii-von-borck\/#primaryimage\"},\"datePublished\":\"2021-08-11T12:26:09+00:00\",\"dateModified\":\"2021-08-11T12:54:16+00:00\",\"author\":{\"@id\":\"https:\/\/s1620.eu\/pl\/#\/schema\/person\/a352063e517c2701f5fb866fc908da06\"},\"inLanguage\":\"pl-PL\",\"potentialAction\":[{\"@type\":\"ReadAction\",\"target\":[\"https:\/\/s1620.eu\/pl\/polski-23-wiesci-od-sydonii-von-borck\/\"]}]},{\"@type\":\"Person\",\"@id\":\"https:\/\/s1620.eu\/pl\/#\/schema\/person\/a352063e517c2701f5fb866fc908da06\",\"name\":\"Die Akte Sidonia\",\"image\":{\"@type\":\"ImageObject\",\"@id\":\"https:\/\/s1620.eu\/pl\/#personlogo\",\"inLanguage\":\"pl-PL\",\"url\":\"https:\/\/secure.gravatar.com\/avatar\/3acbe25344fe6f5aff2ac070c9294cd7?s=96&d=mm&r=g\",\"caption\":\"Die Akte Sidonia\"}}]}<\/script>\n<!-- \/ Yoast SEO plugin. -->","_links":{"self":[{"href":"https:\/\/s1620.eu\/pl\/wp-json\/wp\/v2\/posts\/722"}],"collection":[{"href":"https:\/\/s1620.eu\/pl\/wp-json\/wp\/v2\/posts"}],"about":[{"href":"https:\/\/s1620.eu\/pl\/wp-json\/wp\/v2\/types\/post"}],"author":[{"embeddable":true,"href":"https:\/\/s1620.eu\/pl\/wp-json\/wp\/v2\/users\/2"}],"replies":[{"embeddable":true,"href":"https:\/\/s1620.eu\/pl\/wp-json\/wp\/v2\/comments?post=722"}],"version-history":[{"count":3,"href":"https:\/\/s1620.eu\/pl\/wp-json\/wp\/v2\/posts\/722\/revisions"}],"predecessor-version":[{"id":732,"href":"https:\/\/s1620.eu\/pl\/wp-json\/wp\/v2\/posts\/722\/revisions\/732"}],"wp:featuredmedia":[{"embeddable":true,"href":"https:\/\/s1620.eu\/pl\/wp-json\/wp\/v2\/media\/723"}],"wp:attachment":[{"href":"https:\/\/s1620.eu\/pl\/wp-json\/wp\/v2\/media?parent=722"}],"wp:term":[{"taxonomy":"category","embeddable":true,"href":"https:\/\/s1620.eu\/pl\/wp-json\/wp\/v2\/categories?post=722"},{"taxonomy":"post_tag","embeddable":true,"href":"https:\/\/s1620.eu\/pl\/wp-json\/wp\/v2\/tags?post=722"}],"curies":[{"name":"wp","href":"https:\/\/api.w.org\/{rel}","templated":true}]}}